{"id":192,"date":"2014-06-16T15:23:33","date_gmt":"2014-06-16T13:23:33","guid":{"rendered":"http:\/\/ad-atelier.fr\/?p=192"},"modified":"2021-05-11T16:03:51","modified_gmt":"2021-05-11T14:03:51","slug":"vitry-22-logements","status":"publish","type":"post","link":"http:\/\/ad-atelier.fr\/?p=192","title":{"rendered":"Vitry 22 \/ Logements"},"content":{"rendered":"\n<p><strong>LIEU :<\/strong>&nbsp;Vitry<br><strong>MAITRE D\u2019OUVRAGE :<\/strong>&nbsp;Coop\u00e9rative habitants 22<br><strong>MAITRE D\u2019OEUVRE :<\/strong>&nbsp;AUAD, Philippe TIROT<br><strong>MISSION :<\/strong> Compl\u00e8te                                                                                                          <strong>SURFACE :<\/strong>  190 m2<br><strong>MONTANT DES TRAVAUX H.T :<\/strong>  350000\u20ac<br><strong>ANNEE :<\/strong>&nbsp;201-2015<\/p>\n\n\n\n<p>Le 22 rue du g\u00e9nie constitue le pendant du 54. L\u2019exercice fut diff\u00e9rent car ce terrain constitue une dent creuse entre deux mitoyens. Le projet vient se glisser dans la profondeur. Il comprend 3 logements, dont un duplex.<br>Les m\u00eames mat\u00e9riaux que le 54 furent choisis : bardage bois dougalas autoclav\u00e9, fibre ciment sur la partie sud, menuiseries en m\u00e9l\u00e8ze. Le projet fut mont\u00e9 dans une simultan\u00e9it\u00e9 contrainte \u00e0 une semaine d\u2019\u00e9cart du 54 et en 2 jours pour la structure bois.<\/p>\n\n\n\n<figure class=\"wp-block-gallery columns-3 is-cropped\"><ul class=\"blocks-gallery-grid\"><li class=\"blocks-gallery-item\"><figure><img loading=\"lazy\" width=\"700\" height=\"525\" src=\"http:\/\/ad-atelier.fr\/wp-content\/uploads\/2014\/06\/IMG_0009-700x525.jpg\" alt=\"\" data-id=\"196\" data-full-url=\"http:\/\/ad-atelier.fr\/wp-content\/uploads\/2014\/06\/IMG_0009.jpg\" data-link=\"http:\/\/ad-atelier.fr\/?attachment_id=196\" class=\"wp-image-196\" srcset=\"http:\/\/ad-atelier.fr\/wp-content\/uploads\/2014\/06\/IMG_0009-700x525.jpg 700w, http:\/\/ad-atelier.fr\/wp-content\/uploads\/2014\/06\/IMG_0009-250x187.jpg 250w, http:\/\/ad-atelier.fr\/wp-content\/uploads\/2014\/06\/IMG_0009-120x90.jpg 120w, http:\/\/ad-atelier.fr\/wp-content\/uploads\/2014\/06\/IMG_0009.jpg 800w\" sizes=\"(max-width: 700px) 100vw, 700px\" \/><\/figure><\/li><li class=\"blocks-gallery-item\"><figure><img loading=\"lazy\" width=\"700\" height=\"1246\" src=\"http:\/\/ad-atelier.fr\/wp-content\/uploads\/2014\/06\/IMG_2439-700x1246.jpg\" alt=\"\" data-id=\"200\" data-full-url=\"http:\/\/ad-atelier.fr\/wp-content\/uploads\/2014\/06\/IMG_2439.jpg\" data-link=\"http:\/\/ad-atelier.fr\/?attachment_id=200\" class=\"wp-image-200\" srcset=\"http:\/\/ad-atelier.fr\/wp-content\/uploads\/2014\/06\/IMG_2439-700x1246.jpg 700w, http:\/\/ad-atelier.fr\/wp-content\/uploads\/2014\/06\/IMG_2439-250x445.jpg 250w, http:\/\/ad-atelier.fr\/wp-content\/uploads\/2014\/06\/IMG_2439-120x213.jpg 120w, http:\/\/ad-atelier.fr\/wp-content\/uploads\/2014\/06\/IMG_2439.jpg 800w\" sizes=\"(max-width: 700px) 100vw, 700px\" \/><\/figure><\/li><li class=\"blocks-gallery-item\"><figure><img loading=\"lazy\" width=\"700\" height=\"933\" src=\"http:\/\/ad-atelier.fr\/wp-content\/uploads\/2014\/06\/IMG_2417-700x933.jpg\" alt=\"\" data-id=\"198\" data-full-url=\"http:\/\/ad-atelier.fr\/wp-content\/uploads\/2014\/06\/IMG_2417.jpg\" data-link=\"http:\/\/ad-atelier.fr\/?attachment_id=198\" class=\"wp-image-198\" srcset=\"http:\/\/ad-atelier.fr\/wp-content\/uploads\/2014\/06\/IMG_2417-700x933.jpg 700w, http:\/\/ad-atelier.fr\/wp-content\/uploads\/2014\/06\/IMG_2417-250x333.jpg 250w, http:\/\/ad-atelier.fr\/wp-content\/uploads\/2014\/06\/IMG_2417-120x160.jpg 120w, http:\/\/ad-atelier.fr\/wp-content\/uploads\/2014\/06\/IMG_2417.jpg 800w\" sizes=\"(max-width: 700px) 100vw, 700px\" \/><\/figure><\/li><li class=\"blocks-gallery-item\"><figure><img loading=\"lazy\" width=\"700\" height=\"525\" src=\"http:\/\/ad-atelier.fr\/wp-content\/uploads\/2014\/06\/IMG_2456-700x525.jpg\" alt=\"\" data-id=\"202\" data-full-url=\"http:\/\/ad-atelier.fr\/wp-content\/uploads\/2014\/06\/IMG_2456.jpg\" data-link=\"http:\/\/ad-atelier.fr\/?attachment_id=202\" class=\"wp-image-202\" srcset=\"http:\/\/ad-atelier.fr\/wp-content\/uploads\/2014\/06\/IMG_2456-700x525.jpg 700w, http:\/\/ad-atelier.fr\/wp-content\/uploads\/2014\/06\/IMG_2456-250x187.jpg 250w, http:\/\/ad-atelier.fr\/wp-content\/uploads\/2014\/06\/IMG_2456-120x90.jpg 120w, http:\/\/ad-atelier.fr\/wp-content\/uploads\/2014\/06\/IMG_2456.jpg 800w\" sizes=\"(max-width: 700px) 100vw, 700px\" \/><\/figure><\/li><li class=\"blocks-gallery-item\"><figure><img loading=\"lazy\" width=\"700\" height=\"525\" src=\"http:\/\/ad-atelier.fr\/wp-content\/uploads\/2014\/06\/IMG_2451-700x525.jpg\" alt=\"\" data-id=\"201\" data-full-url=\"http:\/\/ad-atelier.fr\/wp-content\/uploads\/2014\/06\/IMG_2451.jpg\" data-link=\"http:\/\/ad-atelier.fr\/?attachment_id=201\" class=\"wp-image-201\" srcset=\"http:\/\/ad-atelier.fr\/wp-content\/uploads\/2014\/06\/IMG_2451-700x525.jpg 700w, http:\/\/ad-atelier.fr\/wp-content\/uploads\/2014\/06\/IMG_2451-250x187.jpg 250w, http:\/\/ad-atelier.fr\/wp-content\/uploads\/2014\/06\/IMG_2451-120x90.jpg 120w, http:\/\/ad-atelier.fr\/wp-content\/uploads\/2014\/06\/IMG_2451.jpg 800w\" sizes=\"(max-width: 700px) 100vw, 700px\" \/><\/figure><\/li><\/ul><figcaption class=\"blocks-gallery-caption\">Photos du chantier<\/figcaption><\/figure>\n\n\n\n<figure class=\"wp-block-image size-large\"><img loading=\"lazy\" width=\"1024\" height=\"660\" src=\"http:\/\/ad-atelier.fr\/wp-content\/uploads\/2021\/05\/Logements-participatif-Vitry-Anne-Durand-\u00a9-David-Boureau-7067-BQ-1-1024x660.jpg\" alt=\"\" class=\"wp-image-1311\" srcset=\"http:\/\/ad-atelier.fr\/wp-content\/uploads\/2021\/05\/Logements-participatif-Vitry-Anne-Durand-\u00a9-David-Boureau-7067-BQ-1-1024x660.jpg 1024w, http:\/\/ad-atelier.fr\/wp-content\/uploads\/2021\/05\/Logements-participatif-Vitry-Anne-Durand-\u00a9-David-Boureau-7067-BQ-1-300x193.jpg 300w, http:\/\/ad-atelier.fr\/wp-content\/uploads\/2021\/05\/Logements-participatif-Vitry-Anne-Durand-\u00a9-David-Boureau-7067-BQ-1-768x495.jpg 768w, http:\/\/ad-atelier.fr\/wp-content\/uploads\/2021\/05\/Logements-participatif-Vitry-Anne-Durand-\u00a9-David-Boureau-7067-BQ-1-1536x990.jpg 1536w, http:\/\/ad-atelier.fr\/wp-content\/uploads\/2021\/05\/Logements-participatif-Vitry-Anne-Durand-\u00a9-David-Boureau-7067-BQ-1.jpg 1659w\" sizes=\"(max-width: 1024px) 100vw, 1024px\" \/><\/figure>\n\n\n\n<figure class=\"wp-block-gallery columns-2 is-cropped\"><ul class=\"blocks-gallery-grid\"><li class=\"blocks-gallery-item\"><figure><img loading=\"lazy\" width=\"1024\" height=\"506\" src=\"http:\/\/ad-atelier.fr\/wp-content\/uploads\/2021\/05\/Logements-participatif-Vitry-Anne-Durand-\u00a9-David-Boureau-1433-1-1024x506.jpg\" alt=\"\" data-id=\"1310\" data-full-url=\"http:\/\/ad-atelier.fr\/wp-content\/uploads\/2021\/05\/Logements-participatif-Vitry-Anne-Durand-\u00a9-David-Boureau-1433-1-scaled.jpg\" data-link=\"http:\/\/ad-atelier.fr\/?attachment_id=1310\" class=\"wp-image-1310\" srcset=\"http:\/\/ad-atelier.fr\/wp-content\/uploads\/2021\/05\/Logements-participatif-Vitry-Anne-Durand-\u00a9-David-Boureau-1433-1-1024x506.jpg 1024w, http:\/\/ad-atelier.fr\/wp-content\/uploads\/2021\/05\/Logements-participatif-Vitry-Anne-Durand-\u00a9-David-Boureau-1433-1-300x148.jpg 300w, http:\/\/ad-atelier.fr\/wp-content\/uploads\/2021\/05\/Logements-participatif-Vitry-Anne-Durand-\u00a9-David-Boureau-1433-1-768x380.jpg 768w, http:\/\/ad-atelier.fr\/wp-content\/uploads\/2021\/05\/Logements-participatif-Vitry-Anne-Durand-\u00a9-David-Boureau-1433-1-1536x759.jpg 1536w, http:\/\/ad-atelier.fr\/wp-content\/uploads\/2021\/05\/Logements-participatif-Vitry-Anne-Durand-\u00a9-David-Boureau-1433-1-2048x1012.jpg 2048w\" sizes=\"(max-width: 1024px) 100vw, 1024px\" \/><\/figure><\/li><li class=\"blocks-gallery-item\"><figure><img loading=\"lazy\" width=\"700\" height=\"466\" src=\"http:\/\/ad-atelier.fr\/wp-content\/uploads\/2014\/06\/Logements-participatif-Vitry-Anne-Durand-\u00a9-David-Boureau-7095-700x466.jpg\" alt=\"\" data-id=\"628\" data-full-url=\"http:\/\/ad-atelier.fr\/wp-content\/uploads\/2014\/06\/Logements-participatif-Vitry-Anne-Durand-\u00a9-David-Boureau-7095.jpg\" data-link=\"http:\/\/ad-atelier.fr\/?attachment_id=628\" class=\"wp-image-628\" srcset=\"http:\/\/ad-atelier.fr\/wp-content\/uploads\/2014\/06\/Logements-participatif-Vitry-Anne-Durand-\u00a9-David-Boureau-7095-700x466.jpg 700w, http:\/\/ad-atelier.fr\/wp-content\/uploads\/2014\/06\/Logements-participatif-Vitry-Anne-Durand-\u00a9-David-Boureau-7095-250x166.jpg 250w, http:\/\/ad-atelier.fr\/wp-content\/uploads\/2014\/06\/Logements-participatif-Vitry-Anne-Durand-\u00a9-David-Boureau-7095-120x79.jpg 120w\" sizes=\"(max-width: 700px) 100vw, 700px\" \/><\/figure><\/li><\/ul><figcaption class=\"blocks-gallery-caption\">Photos du projet<\/figcaption><\/figure>\n","protected":false},"excerpt":{"rendered":"<p>LIEU :&nbsp;VitryMAITRE D\u2019OUVRAGE :&nbsp;Coop\u00e9rative habitants 22MAITRE D\u2019OEUVRE :&nbsp;AUAD, Philippe TIROTMISSION : Compl\u00e8te SURFACE : 190 m2MONTANT DES TRAVAUX H.T : 350000\u20acANNEE :&nbsp;201-2015 Le 22 rue du g\u00e9nie constitue le pendant du 54. L\u2019exercice fut diff\u00e9rent ...<\/p>\n","protected":false},"author":2,"featured_media":631,"comment_status":"closed","ping_status":"open","sticky":false,"template":"","format":"standard","meta":[],"categories":[3],"tags":[17],"_links":{"self":[{"href":"http:\/\/ad-atelier.fr\/index.php?rest_route=\/wp\/v2\/posts\/192"}],"collection":[{"href":"http:\/\/ad-atelier.fr\/index.php?rest_route=\/wp\/v2\/posts"}],"about":[{"href":"http:\/\/ad-atelier.fr\/index.php?rest_route=\/wp\/v2\/types\/post"}],"author":[{"embeddable":true,"href":"http:\/\/ad-atelier.fr\/index.php?rest_route=\/wp\/v2\/users\/2"}],"replies":[{"embeddable":true,"href":"http:\/\/ad-atelier.fr\/index.php?rest_route=%2Fwp%2Fv2%2Fcomments&post=192"}],"version-history":[{"count":7,"href":"http:\/\/ad-atelier.fr\/index.php?rest_route=\/wp\/v2\/posts\/192\/revisions"}],"predecessor-version":[{"id":1449,"href":"http:\/\/ad-atelier.fr\/index.php?rest_route=\/wp\/v2\/posts\/192\/revisions\/1449"}],"wp:featuredmedia":[{"embeddable":true,"href":"http:\/\/ad-atelier.fr\/index.php?rest_route=\/wp\/v2\/media\/631"}],"wp:attachment":[{"href":"http:\/\/ad-atelier.fr\/index.php?rest_route=%2Fwp%2Fv2%2Fmedia&parent=192"}],"wp:term":[{"taxonomy":"category","embeddable":true,"href":"http:\/\/ad-atelier.fr\/index.php?rest_route=%2Fwp%2Fv2%2Fcategories&post=192"},{"taxonomy":"post_tag","embeddable":true,"href":"http:\/\/ad-atelier.fr\/index.php?rest_route=%2Fwp%2Fv2%2Ftags&post=192"}],"curies":[{"name":"wp","href":"https:\/\/api.w.org\/{rel}","templated":true}]}}