{"id":206,"date":"2014-06-16T15:35:21","date_gmt":"2014-06-16T13:35:21","guid":{"rendered":"http:\/\/ad-atelier.fr\/?p=206"},"modified":"2021-05-11T16:05:00","modified_gmt":"2021-05-11T14:05:00","slug":"vitry-54-logements","status":"publish","type":"post","link":"http:\/\/ad-atelier.fr\/?p=206","title":{"rendered":"Vitry 54 \/ Logements"},"content":{"rendered":"<p><strong>LIEU :<\/strong> Vitry<br \/><strong>MAITRE D\u2019OUVRAGE :<\/strong> Coop\u00e9rative habitants 54<br \/><strong>MAITRE D\u2019OEUVRE :<\/strong> AUAD, Philippe TIROT,\u00a0 \u00a0 \u00a0 SURFACE : 330 m2<br \/><strong>MISSION :<\/strong> compl\u00e8te.\u00a0 \u00a0 \u00a0 \u00a0 \u00a0 \u00a0 \u00a0 \u00a0 \u00a0 \u00a0 \u00a0 \u00a0 \u00a0 \u00a0 \u00a0 \u00a0 \u00a0 \u00a0 \u00a0 \u00a0 \u00a0 \u00a0 \u00a0 \u00a0 \u00a0 \u00a0 \u00a0 \u00a0 \u00a0 \u00a0 \u00a0 \u00a0 \u00a0 \u00a0 \u00a0 \u00a0 \u00a0 \u00a0 \u00a0 \u00a0 \u00a0 <strong>ENTREPRISES :<\/strong> Tradicharpente CRB TCE.\u00a0 \u00a0 \u00a0 \u00a0 \u00a0 \u00a0 \u00a0 \u00a0 \u00a0 \u00a0 \u00a0 \u00a0 \u00a0 \u00a0 \u00a0 \u00a0 \u00a0 \u00a0 \u00a0 \u00a0 \u00a0 \u00a0 \u00a0 \u00a0 \u00a0 \u00a0 <strong>SURFACE :<\/strong> 330 m2<br \/><strong>MONTANT DES TRAVAUX\u00a0 H.T :<\/strong> 650 000\u20ac<br \/>ANNEE : 2014-2015\u00a0<\/p>\n<p>En 2012, le d\u00e9fi \u00e9tait lanc\u00e9 : construire 2 op\u00e9rations d\u2019habitat participatif dans une m\u00eame rue, \u00e0 une p\u00e9riode <br \/>o\u00f9 le concept \u00e9tait peu courant. L\u2019agence a con\u00e7u le projet depuis l\u2019achat du terrain, la recherche des habitants jusqu\u2019\u00e0 la r\u00e9ception du chantier, en trois ans. L\u2019immeuble est construit en bois massif et comprend 4 duplex. <br \/>L\u2019Atelier a \u00e9t\u00e9 accompagn\u00e9 d\u2019un assistant \u00e0 ma\u00eetrise d\u2019ouvrage pour le montage juridique et financier du projet. Les habitants se sont f\u00e9d\u00e9r\u00e9s autour d\u2019une coop\u00e9rative. Ils ont particip\u00e9 \u00e0 la fabrication de leur logement.<br \/>Cette op\u00e9ration fut men\u00e9e parall\u00e8lement avec un autre projet de 3 logements dans la m\u00eame rue. Les m\u00eames entreprises furent choisies pour faire diminuer les co\u00fbts. Ce fut un jeu de 7 familles.<\/p>\n<p>\u00a0<\/p>\n\n\n<figure class=\"wp-block-gallery columns-3 is-cropped\"><ul class=\"blocks-gallery-grid\"><li class=\"blocks-gallery-item\"><figure><img loading=\"lazy\" width=\"700\" height=\"525\" src=\"http:\/\/ad-atelier.fr\/wp-content\/uploads\/2021\/05\/54_Jour-3-700x525-1.jpg\" alt=\"\" data-id=\"1312\" data-full-url=\"http:\/\/ad-atelier.fr\/wp-content\/uploads\/2021\/05\/54_Jour-3-700x525-1.jpg\" data-link=\"http:\/\/ad-atelier.fr\/?attachment_id=1312\" class=\"wp-image-1312\" srcset=\"http:\/\/ad-atelier.fr\/wp-content\/uploads\/2021\/05\/54_Jour-3-700x525-1.jpg 700w, http:\/\/ad-atelier.fr\/wp-content\/uploads\/2021\/05\/54_Jour-3-700x525-1-300x225.jpg 300w\" sizes=\"(max-width: 700px) 100vw, 700px\" \/><\/figure><\/li><li class=\"blocks-gallery-item\"><figure><img loading=\"lazy\" width=\"700\" height=\"933\" src=\"http:\/\/ad-atelier.fr\/wp-content\/uploads\/2014\/06\/54_Jour-2-6-700x933.jpg\" alt=\"\" data-id=\"212\" data-full-url=\"http:\/\/ad-atelier.fr\/wp-content\/uploads\/2014\/06\/54_Jour-2-6.jpg\" data-link=\"http:\/\/ad-atelier.fr\/?attachment_id=212\" class=\"wp-image-212\" srcset=\"http:\/\/ad-atelier.fr\/wp-content\/uploads\/2014\/06\/54_Jour-2-6-700x933.jpg 700w, http:\/\/ad-atelier.fr\/wp-content\/uploads\/2014\/06\/54_Jour-2-6-250x333.jpg 250w, http:\/\/ad-atelier.fr\/wp-content\/uploads\/2014\/06\/54_Jour-2-6-120x160.jpg 120w, http:\/\/ad-atelier.fr\/wp-content\/uploads\/2014\/06\/54_Jour-2-6.jpg 800w\" sizes=\"(max-width: 700px) 100vw, 700px\" \/><\/figure><\/li><li class=\"blocks-gallery-item\"><figure><img loading=\"lazy\" width=\"700\" height=\"933\" src=\"http:\/\/ad-atelier.fr\/wp-content\/uploads\/2014\/06\/IMG_5762-700x933.jpg\" alt=\"\" data-id=\"511\" data-full-url=\"http:\/\/ad-atelier.fr\/wp-content\/uploads\/2014\/06\/IMG_5762.jpg\" data-link=\"http:\/\/ad-atelier.fr\/?attachment_id=511\" class=\"wp-image-511\" srcset=\"http:\/\/ad-atelier.fr\/wp-content\/uploads\/2014\/06\/IMG_5762-700x933.jpg 700w, http:\/\/ad-atelier.fr\/wp-content\/uploads\/2014\/06\/IMG_5762-250x333.jpg 250w, http:\/\/ad-atelier.fr\/wp-content\/uploads\/2014\/06\/IMG_5762-120x160.jpg 120w\" sizes=\"(max-width: 700px) 100vw, 700px\" \/><\/figure><\/li><\/ul><figcaption class=\"blocks-gallery-caption\">Photos du chantier<\/figcaption><\/figure>\n\n\n\n<figure class=\"wp-block-gallery columns-3 is-cropped\"><ul class=\"blocks-gallery-grid\"><li class=\"blocks-gallery-item\"><figure><img loading=\"lazy\" width=\"1024\" height=\"683\" src=\"http:\/\/ad-atelier.fr\/wp-content\/uploads\/2021\/05\/Logements-participatif-Vitry-Anne-Durand-\u00a9-David-Boureau-7124-BQ-1024x683.jpg\" alt=\"\" data-id=\"1306\" data-full-url=\"http:\/\/ad-atelier.fr\/wp-content\/uploads\/2021\/05\/Logements-participatif-Vitry-Anne-Durand-\u00a9-David-Boureau-7124-BQ.jpg\" data-link=\"http:\/\/ad-atelier.fr\/?attachment_id=1306\" class=\"wp-image-1306\" srcset=\"http:\/\/ad-atelier.fr\/wp-content\/uploads\/2021\/05\/Logements-participatif-Vitry-Anne-Durand-\u00a9-David-Boureau-7124-BQ-1024x683.jpg 1024w, http:\/\/ad-atelier.fr\/wp-content\/uploads\/2021\/05\/Logements-participatif-Vitry-Anne-Durand-\u00a9-David-Boureau-7124-BQ-300x200.jpg 300w, http:\/\/ad-atelier.fr\/wp-content\/uploads\/2021\/05\/Logements-participatif-Vitry-Anne-Durand-\u00a9-David-Boureau-7124-BQ-768x512.jpg 768w, http:\/\/ad-atelier.fr\/wp-content\/uploads\/2021\/05\/Logements-participatif-Vitry-Anne-Durand-\u00a9-David-Boureau-7124-BQ-1536x1024.jpg 1536w, http:\/\/ad-atelier.fr\/wp-content\/uploads\/2021\/05\/Logements-participatif-Vitry-Anne-Durand-\u00a9-David-Boureau-7124-BQ.jpg 1659w\" sizes=\"(max-width: 1024px) 100vw, 1024px\" \/><\/figure><\/li><li class=\"blocks-gallery-item\"><figure><img loading=\"lazy\" width=\"1024\" height=\"689\" src=\"http:\/\/ad-atelier.fr\/wp-content\/uploads\/2021\/05\/Logements-participatif-Vitry-Anne-Durand-\u00a9-David-Boureau-1282-1024x689.jpg\" alt=\"\" data-id=\"1304\" data-full-url=\"http:\/\/ad-atelier.fr\/wp-content\/uploads\/2021\/05\/Logements-participatif-Vitry-Anne-Durand-\u00a9-David-Boureau-1282-scaled.jpg\" data-link=\"http:\/\/ad-atelier.fr\/?attachment_id=1304\" class=\"wp-image-1304\" srcset=\"http:\/\/ad-atelier.fr\/wp-content\/uploads\/2021\/05\/Logements-participatif-Vitry-Anne-Durand-\u00a9-David-Boureau-1282-1024x689.jpg 1024w, http:\/\/ad-atelier.fr\/wp-content\/uploads\/2021\/05\/Logements-participatif-Vitry-Anne-Durand-\u00a9-David-Boureau-1282-300x202.jpg 300w, http:\/\/ad-atelier.fr\/wp-content\/uploads\/2021\/05\/Logements-participatif-Vitry-Anne-Durand-\u00a9-David-Boureau-1282-768x517.jpg 768w, http:\/\/ad-atelier.fr\/wp-content\/uploads\/2021\/05\/Logements-participatif-Vitry-Anne-Durand-\u00a9-David-Boureau-1282-1536x1033.jpg 1536w, http:\/\/ad-atelier.fr\/wp-content\/uploads\/2021\/05\/Logements-participatif-Vitry-Anne-Durand-\u00a9-David-Boureau-1282-2048x1377.jpg 2048w\" sizes=\"(max-width: 1024px) 100vw, 1024px\" \/><\/figure><\/li><li class=\"blocks-gallery-item\"><figure><img loading=\"lazy\" width=\"800\" height=\"541\" src=\"http:\/\/ad-atelier.fr\/wp-content\/uploads\/2021\/05\/54_1437.jpg\" alt=\"\" data-id=\"1308\" data-full-url=\"http:\/\/ad-atelier.fr\/wp-content\/uploads\/2021\/05\/54_1437.jpg\" data-link=\"http:\/\/ad-atelier.fr\/?attachment_id=1308\" class=\"wp-image-1308\" srcset=\"http:\/\/ad-atelier.fr\/wp-content\/uploads\/2021\/05\/54_1437.jpg 800w, http:\/\/ad-atelier.fr\/wp-content\/uploads\/2021\/05\/54_1437-300x203.jpg 300w, http:\/\/ad-atelier.fr\/wp-content\/uploads\/2021\/05\/54_1437-768x519.jpg 768w\" sizes=\"(max-width: 800px) 100vw, 800px\" \/><\/figure><\/li><li class=\"blocks-gallery-item\"><figure><img loading=\"lazy\" width=\"700\" height=\"525\" src=\"http:\/\/ad-atelier.fr\/wp-content\/uploads\/2014\/06\/IMG_5210-700x525.jpg\" alt=\"\" data-id=\"508\" data-full-url=\"http:\/\/ad-atelier.fr\/wp-content\/uploads\/2014\/06\/IMG_5210.jpg\" data-link=\"http:\/\/ad-atelier.fr\/?attachment_id=508\" class=\"wp-image-508\" srcset=\"http:\/\/ad-atelier.fr\/wp-content\/uploads\/2014\/06\/IMG_5210-700x525.jpg 700w, http:\/\/ad-atelier.fr\/wp-content\/uploads\/2014\/06\/IMG_5210-250x187.jpg 250w, http:\/\/ad-atelier.fr\/wp-content\/uploads\/2014\/06\/IMG_5210-120x90.jpg 120w\" sizes=\"(max-width: 700px) 100vw, 700px\" \/><\/figure><\/li><li class=\"blocks-gallery-item\"><figure><img loading=\"lazy\" width=\"700\" height=\"933\" src=\"http:\/\/ad-atelier.fr\/wp-content\/uploads\/2014\/06\/IMG_5218-700x933.jpg\" alt=\"\" data-id=\"507\" data-full-url=\"http:\/\/ad-atelier.fr\/wp-content\/uploads\/2014\/06\/IMG_5218.jpg\" data-link=\"http:\/\/ad-atelier.fr\/?attachment_id=507\" class=\"wp-image-507\" srcset=\"http:\/\/ad-atelier.fr\/wp-content\/uploads\/2014\/06\/IMG_5218-700x933.jpg 700w, http:\/\/ad-atelier.fr\/wp-content\/uploads\/2014\/06\/IMG_5218-250x333.jpg 250w, http:\/\/ad-atelier.fr\/wp-content\/uploads\/2014\/06\/IMG_5218-120x160.jpg 120w\" sizes=\"(max-width: 700px) 100vw, 700px\" \/><\/figure><\/li><li class=\"blocks-gallery-item\"><figure><img loading=\"lazy\" width=\"700\" height=\"525\" src=\"http:\/\/ad-atelier.fr\/wp-content\/uploads\/2021\/05\/IMG_AA-8031-30x40-300dpi-700x525-1.jpg\" alt=\"\" data-id=\"1342\" data-full-url=\"http:\/\/ad-atelier.fr\/wp-content\/uploads\/2021\/05\/IMG_AA-8031-30x40-300dpi-700x525-1.jpg\" data-link=\"http:\/\/ad-atelier.fr\/?attachment_id=1342\" class=\"wp-image-1342\" srcset=\"http:\/\/ad-atelier.fr\/wp-content\/uploads\/2021\/05\/IMG_AA-8031-30x40-300dpi-700x525-1.jpg 700w, http:\/\/ad-atelier.fr\/wp-content\/uploads\/2021\/05\/IMG_AA-8031-30x40-300dpi-700x525-1-300x225.jpg 300w\" sizes=\"(max-width: 700px) 100vw, 700px\" \/><\/figure><\/li><li class=\"blocks-gallery-item\"><figure><img loading=\"lazy\" width=\"700\" height=\"222\" src=\"http:\/\/ad-atelier.fr\/wp-content\/uploads\/2014\/06\/VITRY-ENFANTS-\u00a9-David-Boureau-2-700x222.jpg\" alt=\"\" data-id=\"509\" data-full-url=\"http:\/\/ad-atelier.fr\/wp-content\/uploads\/2014\/06\/VITRY-ENFANTS-\u00a9-David-Boureau-2.jpg\" data-link=\"http:\/\/ad-atelier.fr\/?attachment_id=509\" class=\"wp-image-509\" srcset=\"http:\/\/ad-atelier.fr\/wp-content\/uploads\/2014\/06\/VITRY-ENFANTS-\u00a9-David-Boureau-2-700x222.jpg 700w, http:\/\/ad-atelier.fr\/wp-content\/uploads\/2014\/06\/VITRY-ENFANTS-\u00a9-David-Boureau-2-250x79.jpg 250w, http:\/\/ad-atelier.fr\/wp-content\/uploads\/2014\/06\/VITRY-ENFANTS-\u00a9-David-Boureau-2-120x38.jpg 120w\" sizes=\"(max-width: 700px) 100vw, 700px\" \/><\/figure><\/li><\/ul><figcaption class=\"blocks-gallery-caption\">Photos du projet<br>\u00a9 David Boureau<\/figcaption><\/figure>\n\n\n\n<p><\/p>\n","protected":false},"excerpt":{"rendered":"<p>LIEU : VitryMAITRE D\u2019OUVRAGE : Coop\u00e9rative habitants 54MAITRE D\u2019OEUVRE : AUAD, Philippe TIROT,\u00a0 \u00a0 \u00a0 SURFACE : 330 m2MISSION : compl\u00e8te.\u00a0 \u00a0 \u00a0 \u00a0 \u00a0 \u00a0 \u00a0 \u00a0 \u00a0 \u00a0 \u00a0 \u00a0 \u00a0 \u00a0 \u00a0 ...<\/p>\n","protected":false},"author":2,"featured_media":656,"comment_status":"closed","ping_status":"open","sticky":false,"template":"","format":"standard","meta":[],"categories":[3],"tags":[17],"_links":{"self":[{"href":"http:\/\/ad-atelier.fr\/index.php?rest_route=\/wp\/v2\/posts\/206"}],"collection":[{"href":"http:\/\/ad-atelier.fr\/index.php?rest_route=\/wp\/v2\/posts"}],"about":[{"href":"http:\/\/ad-atelier.fr\/index.php?rest_route=\/wp\/v2\/types\/post"}],"author":[{"embeddable":true,"href":"http:\/\/ad-atelier.fr\/index.php?rest_route=\/wp\/v2\/users\/2"}],"replies":[{"embeddable":true,"href":"http:\/\/ad-atelier.fr\/index.php?rest_route=%2Fwp%2Fv2%2Fcomments&post=206"}],"version-history":[{"count":14,"href":"http:\/\/ad-atelier.fr\/index.php?rest_route=\/wp\/v2\/posts\/206\/revisions"}],"predecessor-version":[{"id":1450,"href":"http:\/\/ad-atelier.fr\/index.php?rest_route=\/wp\/v2\/posts\/206\/revisions\/1450"}],"wp:featuredmedia":[{"embeddable":true,"href":"http:\/\/ad-atelier.fr\/index.php?rest_route=\/wp\/v2\/media\/656"}],"wp:attachment":[{"href":"http:\/\/ad-atelier.fr\/index.php?rest_route=%2Fwp%2Fv2%2Fmedia&parent=206"}],"wp:term":[{"taxonomy":"category","embeddable":true,"href":"http:\/\/ad-atelier.fr\/index.php?rest_route=%2Fwp%2Fv2%2Fcategories&post=206"},{"taxonomy":"post_tag","embeddable":true,"href":"http:\/\/ad-atelier.fr\/index.php?rest_route=%2Fwp%2Fv2%2Ftags&post=206"}],"curies":[{"name":"wp","href":"https:\/\/api.w.org\/{rel}","templated":true}]}}