{"id":120,"date":"2009-12-16T11:10:22","date_gmt":"2009-12-16T09:10:22","guid":{"rendered":"http:\/\/ad-atelier.fr\/?p=120"},"modified":"2021-05-11T16:51:34","modified_gmt":"2021-05-11T14:51:34","slug":"viroflay-extension","status":"publish","type":"post","link":"https:\/\/ad-atelier.fr\/?p=120","title":{"rendered":"FAILLE CONTEMPORAINE VIROFLAY"},"content":{"rendered":"<p><strong>LIEU :<\/strong> Viroflay<br \/><strong>MAITRE D\u2019OUVRAGE :<\/strong> Famille Carreno<br \/><strong>MAITRE D\u2019\u0152UVRE :<\/strong> Atelier Urbain Anne Durand, Fr\u00e9d\u00e9ric Delaporte<br \/><strong>MISSION :<\/strong> compl\u00e8te<br \/><strong>COUT :<\/strong> 90000 euros<br \/><strong>SURFACE :<\/strong> 60 m\u00b2<br \/><strong>ANNEE :<\/strong> 2008<\/p>\n<p>L\u2019organisation de la maison n\u2019\u00e9tait plus adapt\u00e9e aux modes de vie des clients, qui ont souhait\u00e9 agrandir leur salon. Le projet a consist\u00e9, \u00e0 cr\u00e9er entre la maison et la limite de propri\u00e9t\u00e9, un grand espace de vie ouvrant sur le jardin. L\u2019extension est affirm\u00e9e par un volume contemporain aux toits invers\u00e9s. La structure est r\u00e9alis\u00e9e en panneaux pr\u00e9fabriqu\u00e9s bois massif assembl\u00e9s sur place, choisie pour ses qualit\u00e9s environnementales et sa rapidit\u00e9 de mise en oeuvre.<\/p>\n\n\n<figure class=\"wp-block-image size-large is-resized\"><img loading=\"lazy\" src=\"http:\/\/ad-atelier.fr\/wp-content\/uploads\/2014\/06\/photo25.jpg\" alt=\"\" class=\"wp-image-122\" width=\"579\" height=\"516\" srcset=\"https:\/\/ad-atelier.fr\/wp-content\/uploads\/2014\/06\/photo25.jpg 438w, https:\/\/ad-atelier.fr\/wp-content\/uploads\/2014\/06\/photo25-250x222.jpg 250w, https:\/\/ad-atelier.fr\/wp-content\/uploads\/2014\/06\/photo25-120x106.jpg 120w\" sizes=\"(max-width: 579px) 100vw, 579px\" \/><figcaption>Fa\u00e7ade <\/figcaption><\/figure>\n\n\n\n<figure class=\"wp-block-image size-large\"><img loading=\"lazy\" width=\"560\" height=\"373\" src=\"http:\/\/ad-atelier.fr\/wp-content\/uploads\/2014\/06\/photo54.jpg\" alt=\"\" class=\"wp-image-125\" srcset=\"https:\/\/ad-atelier.fr\/wp-content\/uploads\/2014\/06\/photo54.jpg 560w, https:\/\/ad-atelier.fr\/wp-content\/uploads\/2014\/06\/photo54-250x166.jpg 250w, https:\/\/ad-atelier.fr\/wp-content\/uploads\/2014\/06\/photo54-120x79.jpg 120w\" sizes=\"(max-width: 560px) 100vw, 560px\" \/><figcaption>Photo ext\u00e9rieure du projet<\/figcaption><\/figure>\n\n\n\n<figure class=\"wp-block-image size-large\"><img loading=\"lazy\" width=\"560\" height=\"378\" src=\"http:\/\/ad-atelier.fr\/wp-content\/uploads\/2014\/06\/photo83.jpg\" alt=\"\" class=\"wp-image-127\" srcset=\"https:\/\/ad-atelier.fr\/wp-content\/uploads\/2014\/06\/photo83.jpg 560w, https:\/\/ad-atelier.fr\/wp-content\/uploads\/2014\/06\/photo83-250x168.jpg 250w, https:\/\/ad-atelier.fr\/wp-content\/uploads\/2014\/06\/photo83-120x81.jpg 120w\" sizes=\"(max-width: 560px) 100vw, 560px\" \/><figcaption>Vue depuis le jardin<\/figcaption><\/figure>\n\n\n\n<figure class=\"wp-block-image size-large\"><img loading=\"lazy\" width=\"560\" height=\"365\" src=\"http:\/\/ad-atelier.fr\/wp-content\/uploads\/2014\/06\/photo65.jpg\" alt=\"\" class=\"wp-image-126\" srcset=\"https:\/\/ad-atelier.fr\/wp-content\/uploads\/2014\/06\/photo65.jpg 560w, https:\/\/ad-atelier.fr\/wp-content\/uploads\/2014\/06\/photo65-250x162.jpg 250w, https:\/\/ad-atelier.fr\/wp-content\/uploads\/2014\/06\/photo65-120x78.jpg 120w\" sizes=\"(max-width: 560px) 100vw, 560px\" \/><figcaption>Photo int\u00e9rieure<\/figcaption><\/figure>\n\n\n\n<p><\/p>\n","protected":false},"excerpt":{"rendered":"<p>LIEU : ViroflayMAITRE D\u2019OUVRAGE : Famille CarrenoMAITRE D\u2019\u0152UVRE : Atelier Urbain Anne Durand, Fr\u00e9d\u00e9ric DelaporteMISSION : compl\u00e8teCOUT : 90000 eurosSURFACE : 60 m\u00b2ANNEE : 2008 L\u2019organisation de la maison n\u2019\u00e9tait plus adapt\u00e9e aux modes de ...<\/p>\n","protected":false},"author":2,"featured_media":125,"comment_status":"closed","ping_status":"open","sticky":false,"template":"","format":"standard","meta":[],"categories":[3],"tags":[17,20],"_links":{"self":[{"href":"https:\/\/ad-atelier.fr\/index.php?rest_route=\/wp\/v2\/posts\/120"}],"collection":[{"href":"https:\/\/ad-atelier.fr\/index.php?rest_route=\/wp\/v2\/posts"}],"about":[{"href":"https:\/\/ad-atelier.fr\/index.php?rest_route=\/wp\/v2\/types\/post"}],"author":[{"embeddable":true,"href":"https:\/\/ad-atelier.fr\/index.php?rest_route=\/wp\/v2\/users\/2"}],"replies":[{"embeddable":true,"href":"https:\/\/ad-atelier.fr\/index.php?rest_route=%2Fwp%2Fv2%2Fcomments&post=120"}],"version-history":[{"count":3,"href":"https:\/\/ad-atelier.fr\/index.php?rest_route=\/wp\/v2\/posts\/120\/revisions"}],"predecessor-version":[{"id":1476,"href":"https:\/\/ad-atelier.fr\/index.php?rest_route=\/wp\/v2\/posts\/120\/revisions\/1476"}],"wp:featuredmedia":[{"embeddable":true,"href":"https:\/\/ad-atelier.fr\/index.php?rest_route=\/wp\/v2\/media\/125"}],"wp:attachment":[{"href":"https:\/\/ad-atelier.fr\/index.php?rest_route=%2Fwp%2Fv2%2Fmedia&parent=120"}],"wp:term":[{"taxonomy":"category","embeddable":true,"href":"https:\/\/ad-atelier.fr\/index.php?rest_route=%2Fwp%2Fv2%2Fcategories&post=120"},{"taxonomy":"post_tag","embeddable":true,"href":"https:\/\/ad-atelier.fr\/index.php?rest_route=%2Fwp%2Fv2%2Ftags&post=120"}],"curies":[{"name":"wp","href":"https:\/\/api.w.org\/{rel}","templated":true}]}}